{"id":1135,"date":"2022-12-09T10:03:29","date_gmt":"2022-12-09T09:03:29","guid":{"rendered":"https:\/\/www.acpm.cat\/?p=1135"},"modified":"2022-12-09T10:03:29","modified_gmt":"2022-12-09T09:03:29","slug":"et-convidem-al-7e-cafe-virtual-amb-lacpm-lean-management-i-pm","status":"publish","type":"post","link":"https:\/\/www.acpm.cat\/ca\/et-convidem-al-7e-cafe-virtual-amb-lacpm-lean-management-i-pm\/","title":{"rendered":"Et convidem al 7\u00e8 Caf\u00e8 virtual amb l\u2019ACPM: Lean Management i PM"},"content":{"rendered":"<p>L\u2019ACPM continua amb el seu format de trobades curtes i us convoca a una sessi\u00f3 per reflexionar sobre aspectes centrals que incideixen en els projectes. Aquesta iniciativa de car\u00e0cter divulgatiu pret\u00e9n ser l&#8217;\u00faltima parada del dia, la m\u00e9s desperta. Us animem a participar en l\u00ednia.<\/p>\n<p>El proper dia 15 de desembre a les 18.30 hs ens trobarem amb l&#8217;enginyer Victor Roig i parlarem sobre <strong>Lean Management.<\/strong><\/p>\n<p>Victor Roig \u00e9s Enginyer de Camins, Canals i Ports, Universitat Polit\u00e8cnica de Catalunya. Professor des del 2015 del Departament d&#8217;Edificaci\u00f3 Arquitect\u00f2nica de l&#8217;Escola T\u00e8cnica Superior d&#8217;Edificaci\u00f3 de Barcelona (EPSEB-UPC Universitat Polit\u00e8cnica de Catalunya). El 2013 funda Bimetric Lab, des d&#8217;on ajuda a la implantaci\u00f3 dels principis LEAN Construction i la metodologia BIM a organitzacions p\u00fabliques i privades. Editor en espanyol de BIMDictionary, membre central de BIMe Initiative i de la Comissi\u00f3 Construint Futur, iniciativa posada en marxa per l&#8217;ITeC. Consultor LEAN &amp; BIM. Promou i participa en esdeveniments Lean i BIM presentant xerrades, tallers i articles a nivell nacional i internacional sobre tots dos temes.<\/p>\n<p>Inscripci\u00f3 lliure i gratu\u00efta en aquest enlla\u00e7:<\/p>\n<p><a href=\"https:\/\/www.eventbrite.es\/e\/entradas-7e-cafe-virtual-amb-lacpm-lean-management-481772664007\"><strong>https:\/\/www.eventbrite.es\/e\/entradas-7e-cafe-virtual-amb-lacpm-lean-management-481772664007<\/strong><\/a><\/p>\n<p>El dia abans de l&#8217;esdeveniment t&#8217;enviarem les dades per accedir a la sessi\u00f3 en Zoom.<\/p>\n<p>T&#8217;hi esperem!<\/p>\n","protected":false},"excerpt":{"rendered":"<p>L\u2019ACPM continua amb el seu format de trobades curtes i us convoca a una sessi\u00f3 per reflexionar sobre aspectes centrals que incideixen en els projectes. Aquesta iniciativa de car\u00e0cter divulgatiu pret\u00e9n ser l&#8217;\u00faltima parada del dia, la m\u00e9s desperta. Us animem a participar en l\u00ednia&#8230;.<\/p>\n","protected":false},"author":6,"featured_media":1132,"comment_status":"open","ping_status":"closed","sticky":false,"template":"","format":"standard","meta":{"footnotes":""},"categories":[2],"tags":[],"class_list":["post-1135","post","type-post","status-publish","format-standard","has-post-thumbnail","hentry","category-uncategorized-ca"],"_links":{"self":[{"href":"https:\/\/www.acpm.cat\/ca\/wp-json\/wp\/v2\/posts\/1135","targetHints":{"allow":["GET"]}}],"collection":[{"href":"https:\/\/www.acpm.cat\/ca\/wp-json\/wp\/v2\/posts"}],"about":[{"href":"https:\/\/www.acpm.cat\/ca\/wp-json\/wp\/v2\/types\/post"}],"author":[{"embeddable":true,"href":"https:\/\/www.acpm.cat\/ca\/wp-json\/wp\/v2\/users\/6"}],"replies":[{"embeddable":true,"href":"https:\/\/www.acpm.cat\/ca\/wp-json\/wp\/v2\/comments?post=1135"}],"version-history":[{"count":1,"href":"https:\/\/www.acpm.cat\/ca\/wp-json\/wp\/v2\/posts\/1135\/revisions"}],"predecessor-version":[{"id":1136,"href":"https:\/\/www.acpm.cat\/ca\/wp-json\/wp\/v2\/posts\/1135\/revisions\/1136"}],"wp:featuredmedia":[{"embeddable":true,"href":"https:\/\/www.acpm.cat\/ca\/wp-json\/wp\/v2\/media\/1132"}],"wp:attachment":[{"href":"https:\/\/www.acpm.cat\/ca\/wp-json\/wp\/v2\/media?parent=1135"}],"wp:term":[{"taxonomy":"category","embeddable":true,"href":"https:\/\/www.acpm.cat\/ca\/wp-json\/wp\/v2\/categories?post=1135"},{"taxonomy":"post_tag","embeddable":true,"href":"https:\/\/www.acpm.cat\/ca\/wp-json\/wp\/v2\/tags?post=1135"}],"curies":[{"name":"wp","href":"https:\/\/api.w.org\/{rel}","templated":true}]}}