{"id":1166,"date":"2023-02-15T10:19:34","date_gmt":"2023-02-15T09:19:34","guid":{"rendered":"https:\/\/www.acpm.cat\/?p=1166"},"modified":"2023-02-15T10:19:34","modified_gmt":"2023-02-15T09:19:34","slug":"8e-cafe-virtual-amb-lacpm-lead-un-nou-aplicatiu-digital-per-a-la-creacio-i-la-gestio-del-llibre-de-ledifici-existent","status":"publish","type":"post","link":"https:\/\/www.acpm.cat\/ca\/8e-cafe-virtual-amb-lacpm-lead-un-nou-aplicatiu-digital-per-a-la-creacio-i-la-gestio-del-llibre-de-ledifici-existent\/","title":{"rendered":"8\u00e8 Caf\u00e8 virtual amb l\u2019ACPM: LeAD, un nou aplicatiu digital per a la creaci\u00f3 i la gesti\u00f3 del Llibre de l\u2019edifici existent"},"content":{"rendered":"<p>L\u2019ACPM continua amb el seu format de trobades curtes i us convoca a una sessi\u00f3 per reflexionar sobre aspectes centrals que incideixen en els projectes. Aquesta iniciativa de car\u00e0cter divulgatiu pret\u00e9n ser l&#8217;\u00faltima parada del dia, la m\u00e9s desperta. Us animem a participar-hi en l\u00ednia.<\/p>\n<p><strong>\u00a0<\/strong>El proper dijous 23 de febrer a les 18.30 h estarem amb els arquitectes <strong>M\u00f2nica Vila<\/strong> i <strong>Lluis Gibernau<\/strong> de WE ARE LEAD SL i en presentaran <strong>LeAD <\/strong>aplicatiu web-app per al sector de l&#8217;edificaci\u00f3 que permet elaborar, gestionar i arxivar al &#8220;n\u00favol&#8221; l&#8217;historial de l&#8217;edifici en les etapes de construcci\u00f3, \u00fas i manteniment de l&#8217;edifici <a href=\"https:\/\/wearelead.es\">https:\/\/wearelead.es<\/a><\/p>\n<p>Cal inscripci\u00f3 pr\u00e8via, lliure i gratu\u00efta en aquest enlla\u00e7:<\/p>\n<p><a href=\"https:\/\/www.eventbrite.es\/e\/entradas-8e-cafe-virtual-amb-lacpm-lead-tu-edificio-en-libro-digital-547273889937\"><strong>https:\/\/www.eventbrite.es\/e\/entradas-8e-cafe-virtual-amb-lacpm-lead-tu-edificio-en-libro-digital-54727388993<\/strong>7<\/a><\/p>\n<p>El dia abans de l&#8217;esdeveniment t&#8217;enviarem les dades per accedir a la sessi\u00f3 en Zoom.<\/p>\n<p>T\u2019hi esperem!<\/p>\n","protected":false},"excerpt":{"rendered":"<p>L\u2019ACPM continua amb el seu format de trobades curtes i us convoca a una sessi\u00f3 per reflexionar sobre aspectes centrals que incideixen en els projectes. Aquesta iniciativa de car\u00e0cter divulgatiu pret\u00e9n ser l&#8217;\u00faltima parada del dia, la m\u00e9s desperta. Us animem a participar-hi en l\u00ednia&#8230;.<\/p>\n","protected":false},"author":6,"featured_media":1167,"comment_status":"open","ping_status":"closed","sticky":false,"template":"","format":"standard","meta":{"footnotes":""},"categories":[2],"tags":[],"class_list":["post-1166","post","type-post","status-publish","format-standard","has-post-thumbnail","hentry","category-uncategorized-ca"],"_links":{"self":[{"href":"https:\/\/www.acpm.cat\/ca\/wp-json\/wp\/v2\/posts\/1166","targetHints":{"allow":["GET"]}}],"collection":[{"href":"https:\/\/www.acpm.cat\/ca\/wp-json\/wp\/v2\/posts"}],"about":[{"href":"https:\/\/www.acpm.cat\/ca\/wp-json\/wp\/v2\/types\/post"}],"author":[{"embeddable":true,"href":"https:\/\/www.acpm.cat\/ca\/wp-json\/wp\/v2\/users\/6"}],"replies":[{"embeddable":true,"href":"https:\/\/www.acpm.cat\/ca\/wp-json\/wp\/v2\/comments?post=1166"}],"version-history":[{"count":1,"href":"https:\/\/www.acpm.cat\/ca\/wp-json\/wp\/v2\/posts\/1166\/revisions"}],"predecessor-version":[{"id":1169,"href":"https:\/\/www.acpm.cat\/ca\/wp-json\/wp\/v2\/posts\/1166\/revisions\/1169"}],"wp:featuredmedia":[{"embeddable":true,"href":"https:\/\/www.acpm.cat\/ca\/wp-json\/wp\/v2\/media\/1167"}],"wp:attachment":[{"href":"https:\/\/www.acpm.cat\/ca\/wp-json\/wp\/v2\/media?parent=1166"}],"wp:term":[{"taxonomy":"category","embeddable":true,"href":"https:\/\/www.acpm.cat\/ca\/wp-json\/wp\/v2\/categories?post=1166"},{"taxonomy":"post_tag","embeddable":true,"href":"https:\/\/www.acpm.cat\/ca\/wp-json\/wp\/v2\/tags?post=1166"}],"curies":[{"name":"wp","href":"https:\/\/api.w.org\/{rel}","templated":true}]}}