{"id":1192,"date":"2023-04-17T16:35:24","date_gmt":"2023-04-17T14:35:24","guid":{"rendered":"https:\/\/www.acpm.cat\/?p=1192"},"modified":"2023-04-21T13:58:44","modified_gmt":"2023-04-21T11:58:44","slug":"premi-a-la-millor-direccio-integrada-de-projecte","status":"publish","type":"post","link":"https:\/\/www.acpm.cat\/ca\/premi-a-la-millor-direccio-integrada-de-projecte\/","title":{"rendered":"Premi a la millor Direcci\u00f3 Integrada de Projecte"},"content":{"rendered":"<p><iframe loading=\"lazy\" title=\"Invitaci\u00f3 a la Primera edici\u00f3 del Premi a la Millor Direcci\u00f3 Integrada de Projecte\" width=\"1060\" height=\"596\" src=\"https:\/\/www.youtube.com\/embed\/AhzWubJNKC0?feature=oembed\" frameborder=\"0\" allow=\"accelerometer; autoplay; clipboard-write; encrypted-media; gyroscope; picture-in-picture; web-share\" allowfullscreen><\/iframe><\/p>\n<p><strong>Celebrem 5 anys com a associaci\u00f3 i 10 anys com a Grup de treball de Project Management i ho volem compartir amb tots els professionals del sector.<\/strong><\/p>\n<p>L\u00b4Associaci\u00f3 Catalana de Project Management, ACPM, convoca la <strong>primera edici\u00f3 del Premi a la Millor Direcci\u00f3 Integrada de Projecte<\/strong> amb motiu de la celebraci\u00f3 dels primers 5 anys de l\u00b4Associaci\u00f3 i els 10 anys del Grup de Treball Project Management del Col\u00b7legi d&#8217;Arquitectes de Catalunya .<\/p>\n<p>Convidem a tots els professionals del sector a participar-hi.<\/p>\n<p>Pots consultar i descarregar <a href=\"https:\/\/drive.google.com\/drive\/folders\/1SKzMvitBLFceYm7zSoNJr_2GaNTFvGFR?usp=share_link\">aqu\u00ed<\/a> les Bases de la convocat\u00f2ria i la Fitxa candidatura premi ACPM2023, o sol\u00b7licitar-les a info@acpm.cat.<\/p>\n<p>Des del 17 d&#8217;abril i fins al 19 de maig de 2023 es podran presentar les propostes enviant la Fitxa de candidatura en format pdf al correu electr\u00f2nic de l&#8217;associaci\u00f3 (info@acpm.cat) indicant a l&#8217;assumpte Candidatura Premi ACPM 2023.<\/p>\n<p>Les 3 propostes finalistes podran presentar els seus treballs a l&#8217;acte d&#8217;aniversari que farem el 15 de juny de 2023 a la Sala Mirador del Col\u00b7legi d&#8217;Arquitectes de Catalunya, Pla\u00e7a Nova 5, 8a planta, Barcelona.<\/p>\n<p>Aquest dia comptarem amb la participaci\u00f3 destacada de <strong>Xavier Marcet<\/strong> que ens parlar\u00e0 sobre \u201c<strong>El Management del Segle XXI<\/strong>\u201d.<\/p>\n<p>Xavier Marcet \u00e9s president de Lead to Change, consultora d&#8217;innovaci\u00f3 i estrat\u00e8gia per a empreses, administracions i universitats. Presideix tamb\u00e9 la Druker Society de Barcelona i \u00e9s professor de la BSM \u2013 Pompeu Fabra. Imparteix m\u00e9s de 75 confer\u00e8ncies a l&#8217;any, i escriu articles a diferents mitjans sobre management humanista, estrat\u00e8gia empresarial, management, innovaci\u00f3 i emprenedoria. Ha escrit llibres com: &#8220;Coses que aprenem despr\u00e9s&#8221;, &#8220;Esquivar la mediocritat&#8221; o l&#8217;\u00faltim &#8220;Cr\u00e9ixer fent cr\u00e9ixer&#8221;.<\/p>\n<p>Despr\u00e9s del lliurament de premis, compartirem una copa de cava i networking.<\/p>\n<p>Places limitades. Imprescindible inscripci\u00f3 per assistir a l&#8217;esdeveniment en aquest enlla\u00e7:<\/p>\n<p><a href=\"https:\/\/www.eventbrite.es\/e\/entradas-conferencia-el-management-del-siglo-xxi-y-entrega-primer-premio-acpm2023-617758912537\">https:\/\/www.eventbrite.es\/e\/entradas-conferencia-el-management-del-siglo-xxi-y-entrega-primer-premio-acpm2023-617758912537<\/a><\/p>\n<p>T&#8217;hi esperem, participa-hi!<strong><br \/>\n<\/strong><\/p>\n","protected":false},"excerpt":{"rendered":"<p>Celebrem 5 anys com a associaci\u00f3 i 10 anys com a Grup de treball de Project Management i ho volem compartir amb tots els professionals del sector. L\u00b4Associaci\u00f3 Catalana de Project Management, ACPM, convoca la primera edici\u00f3 del Premi a la Millor Direcci\u00f3 Integrada de&#8230;<\/p>\n","protected":false},"author":6,"featured_media":1193,"comment_status":"open","ping_status":"closed","sticky":false,"template":"","format":"standard","meta":{"footnotes":""},"categories":[2],"tags":[],"class_list":["post-1192","post","type-post","status-publish","format-standard","has-post-thumbnail","hentry","category-uncategorized-ca"],"_links":{"self":[{"href":"https:\/\/www.acpm.cat\/ca\/wp-json\/wp\/v2\/posts\/1192","targetHints":{"allow":["GET"]}}],"collection":[{"href":"https:\/\/www.acpm.cat\/ca\/wp-json\/wp\/v2\/posts"}],"about":[{"href":"https:\/\/www.acpm.cat\/ca\/wp-json\/wp\/v2\/types\/post"}],"author":[{"embeddable":true,"href":"https:\/\/www.acpm.cat\/ca\/wp-json\/wp\/v2\/users\/6"}],"replies":[{"embeddable":true,"href":"https:\/\/www.acpm.cat\/ca\/wp-json\/wp\/v2\/comments?post=1192"}],"version-history":[{"count":2,"href":"https:\/\/www.acpm.cat\/ca\/wp-json\/wp\/v2\/posts\/1192\/revisions"}],"predecessor-version":[{"id":1203,"href":"https:\/\/www.acpm.cat\/ca\/wp-json\/wp\/v2\/posts\/1192\/revisions\/1203"}],"wp:featuredmedia":[{"embeddable":true,"href":"https:\/\/www.acpm.cat\/ca\/wp-json\/wp\/v2\/media\/1193"}],"wp:attachment":[{"href":"https:\/\/www.acpm.cat\/ca\/wp-json\/wp\/v2\/media?parent=1192"}],"wp:term":[{"taxonomy":"category","embeddable":true,"href":"https:\/\/www.acpm.cat\/ca\/wp-json\/wp\/v2\/categories?post=1192"},{"taxonomy":"post_tag","embeddable":true,"href":"https:\/\/www.acpm.cat\/ca\/wp-json\/wp\/v2\/tags?post=1192"}],"curies":[{"name":"wp","href":"https:\/\/api.w.org\/{rel}","templated":true}]}}