{"id":1260,"date":"2023-05-18T09:50:05","date_gmt":"2023-05-18T07:50:05","guid":{"rendered":"https:\/\/www.acpm.cat\/?p=1260"},"modified":"2023-05-18T09:50:05","modified_gmt":"2023-05-18T07:50:05","slug":"prorroga-presentacio-candidatures-premi-millor-direccio-integrada-de-projecte-2023","status":"publish","type":"post","link":"https:\/\/www.acpm.cat\/ca\/prorroga-presentacio-candidatures-premi-millor-direccio-integrada-de-projecte-2023\/","title":{"rendered":"Pr\u00f2rroga presentaci\u00f3 candidatures Premi Millor Direcci\u00f3 Integrada de Projecte 2023"},"content":{"rendered":"<p><strong>Benvolgut col\u00b7lega,<\/strong><\/p>\n<p><strong>Celembrem 5 anys com a associaci\u00f3 i 10 anys com a Grup de treball de Project Management i ho volem celebrar amb tots els professionals del sector.<\/strong><\/p>\n<p><strong>\u00a0<\/strong>L\u00b4Associaci\u00f3 Catalana de Project Management ACPM, convoca la <strong>primera edici\u00f3 del Premi a la Millor Direcci\u00f3 Integrada de Projecte<\/strong> amb motiu de la celebraci\u00f3 dels primers 5 anys de l&#8217;Associaci\u00f3 i els 10 anys del Grup de Treball Project Management del Col\u00b7legi d\u00b4Arquitectes de Catalunya. Convidem a tots els professionals del sector a participar-hi.<\/p>\n<p>Pots consultar i descarregar <strong><a href=\"https:\/\/drive.google.com\/drive\/folders\/1SKzMvitBLFceYm7zSoNJr_2GaNTFvGFR?usp=share_link\">aqu\u00ed<\/a><\/strong> les Bases de la convocat\u00f2ria i la Fitxa candidatura premi ACPM2023, o sol\u00b7licitar-les a <a href=\"mailto:info@acpm.cat\">info@acpm.cat<\/a>. Fins al <strong>26 de maig<\/strong> de 2023 es podran presentar les propostes enviant la Fitxa de candidatura en format pdf al correu electr\u00f2nic de l&#8217;associaci\u00f3 (<a href=\"mailto:info@acpm.cat\">info@acpm.cat<\/a>) indicant a l&#8217;assumpte Candidatura Premi ACPM 2023.<\/p>\n<p>Encara ets a temps, participa-hi!<\/p>\n","protected":false},"excerpt":{"rendered":"<p>Benvolgut col\u00b7lega, Celembrem 5 anys com a associaci\u00f3 i 10 anys com a Grup de treball de Project Management i ho volem celebrar amb tots els professionals del sector. \u00a0L\u00b4Associaci\u00f3 Catalana de Project Management ACPM, convoca la primera edici\u00f3 del Premi a la Millor Direcci\u00f3&#8230;<\/p>\n","protected":false},"author":6,"featured_media":1254,"comment_status":"open","ping_status":"closed","sticky":false,"template":"","format":"standard","meta":{"footnotes":""},"categories":[2],"tags":[],"class_list":["post-1260","post","type-post","status-publish","format-standard","has-post-thumbnail","hentry","category-uncategorized-ca"],"_links":{"self":[{"href":"https:\/\/www.acpm.cat\/ca\/wp-json\/wp\/v2\/posts\/1260","targetHints":{"allow":["GET"]}}],"collection":[{"href":"https:\/\/www.acpm.cat\/ca\/wp-json\/wp\/v2\/posts"}],"about":[{"href":"https:\/\/www.acpm.cat\/ca\/wp-json\/wp\/v2\/types\/post"}],"author":[{"embeddable":true,"href":"https:\/\/www.acpm.cat\/ca\/wp-json\/wp\/v2\/users\/6"}],"replies":[{"embeddable":true,"href":"https:\/\/www.acpm.cat\/ca\/wp-json\/wp\/v2\/comments?post=1260"}],"version-history":[{"count":1,"href":"https:\/\/www.acpm.cat\/ca\/wp-json\/wp\/v2\/posts\/1260\/revisions"}],"predecessor-version":[{"id":1261,"href":"https:\/\/www.acpm.cat\/ca\/wp-json\/wp\/v2\/posts\/1260\/revisions\/1261"}],"wp:featuredmedia":[{"embeddable":true,"href":"https:\/\/www.acpm.cat\/ca\/wp-json\/wp\/v2\/media\/1254"}],"wp:attachment":[{"href":"https:\/\/www.acpm.cat\/ca\/wp-json\/wp\/v2\/media?parent=1260"}],"wp:term":[{"taxonomy":"category","embeddable":true,"href":"https:\/\/www.acpm.cat\/ca\/wp-json\/wp\/v2\/categories?post=1260"},{"taxonomy":"post_tag","embeddable":true,"href":"https:\/\/www.acpm.cat\/ca\/wp-json\/wp\/v2\/tags?post=1260"}],"curies":[{"name":"wp","href":"https:\/\/api.w.org\/{rel}","templated":true}]}}