{"id":1271,"date":"2023-06-07T13:26:09","date_gmt":"2023-06-07T11:26:09","guid":{"rendered":"https:\/\/www.acpm.cat\/?p=1271"},"modified":"2023-06-07T13:26:09","modified_gmt":"2023-06-07T11:26:09","slug":"finalistes-al-premi-acpm-a-la-millor-direccio-integrada-de-projecte-2023","status":"publish","type":"post","link":"https:\/\/www.acpm.cat\/ca\/finalistes-al-premi-acpm-a-la-millor-direccio-integrada-de-projecte-2023\/","title":{"rendered":"Finalistes al PREMI ACPM A LA MILLOR DIRECCI\u00d3 INTEGRADA DE PROJECTE 2023"},"content":{"rendered":"<p>Ja tenim la llista dels professionals finalistes al PREMI ACPM A LA MILLOR DIRECCI\u00d3 INTEGRADA DE PROJECTE 2023! Enhorabona als seleccionats!<\/p>\n<p>Una vegada avaluades les propostes i amb motiu d\u2019un empat en la tercera posici\u00f3, la Junta Directiva ha decidit seleccionar-ne 4 projectes, que anunciem a continuaci\u00f3 per ordre alfab\u00e8tic:<br \/>\n&#8211; Laura Coladas Bilbao, de l\u2019empresa\u00a0<b><a href=\"https:\/\/www.linkedin.com\/company\/oua\/\" data-attribute-index=\"0\" data-entity-type=\"MINI_COMPANY\">OUA<\/a><\/b>, pel projecte de \u201cRehabilitaci\u00f3 i canvi d\u2019\u00fas d\u2019una antiga impremta per a \u00fas Hoteler a L\u2019Hospitalet de Llobregat\u201d.<br \/>\n&#8211;\u00a0<b><a href=\"https:\/\/www.linkedin.com\/in\/ACoAAAi0TnMB-GpKiZWsynW3gZRSWpuNSYnZw5A\" data-attribute-index=\"2\" data-entity-type=\"MINI_PROFILE\">Ignacio N.<\/a><\/b>\u00a0i\u00a0<b><a href=\"https:\/\/www.linkedin.com\/in\/ACoAABMfcb4BQNPYpxlUjFxjVP1URpETumou-XU\" data-attribute-index=\"4\" data-entity-type=\"MINI_PROFILE\">Eugenio Cabana Rodr\u00edguez<\/a><\/b>, de la Direcci\u00f3n de Ingenier\u00eda e Inversiones de\u00a0<b><a href=\"https:\/\/www.linkedin.com\/company\/grupo-viamed-salud\/\" data-attribute-index=\"6\" data-entity-type=\"MINI_COMPANY\">Viamed Salud<\/a><\/b>, pel \u201cProjecte d\u2019implantaci\u00f3 ZAP-X Radiosurgery System a l\u2019<a href=\"https:\/\/www.linkedin.com\/company\/irca-instituto-de-radiocirug%C3%ADa-avanzada\/\">IRCA Instituto de Radiocirug\u00eda Avanzada &#8211; ZAP-X<\/a>\u00a0de Madrid\u201d.<br \/>\n&#8211;\u00a0<b><a href=\"https:\/\/www.linkedin.com\/in\/ACoAAAOF650B-515jtSOzJcuaXVGO82nlmTCMLQ\" data-attribute-index=\"10\" data-entity-type=\"MINI_PROFILE\">Roger Orriols<\/a><\/b>, de l\u2019empresa\u00a0<b><a href=\"https:\/\/www.linkedin.com\/company\/roa-arquitectura\/\" data-attribute-index=\"12\" data-entity-type=\"MINI_COMPANY\">ROA ARQUITECTURA<\/a><\/b>, pel \u201cProjecte Residencial Illa Creu Alta a Sabadell\u201d.<br \/>\n&#8211;\u00a0<b><a href=\"https:\/\/www.linkedin.com\/in\/ACoAAANTL98BHwj0cLrFdvRjGr_9vTESRrPzMjg\" data-attribute-index=\"14\" data-entity-type=\"MINI_PROFILE\">Pere Rubiras Vitorique<\/a><\/b>, de l\u2019empresa\u00a0<b><a href=\"https:\/\/www.linkedin.com\/company\/tag-arquitectura-&amp;-management\/\" data-attribute-index=\"16\" data-entity-type=\"MINI_COMPANY\">Tag a+m<\/a><\/b>, pel \u201cProjecte Smarthehouse al Districte 22@ de Barcelona\u201d<\/p>\n<p>Els candidats presentaran els seus projectes a l\u2019acte del proper 15 de juny, i l\u2019ordre de presentaci\u00f3 es decidir\u00e0 per sorteig.<br \/>\nUn cop feta l\u2019exposici\u00f3 dels projectes, el p\u00fablic podr\u00e0 votar pel projecte que millor representi l\u2019\u00e8xit de les bones practiques en la Direcci\u00f3 de Projectes. Del resultat d\u2019aquesta votaci\u00f3 resultar\u00e0 una qualificaci\u00f3 per als projectes proporcional al nombre de vots obtinguts en base a 10 punts. Despr\u00e9s de la votaci\u00f3 del p\u00fablic s\u2019obrir\u00e0 el sobre amb l\u2019Acta amb la valoraci\u00f3 de la Junta Directiva, essent el guanyador qui obtingui la major puntuaci\u00f3, amb una ponderaci\u00f3 del 50% per a la valoraci\u00f3 realitzada pr\u00e8viament per la Junta de la ACPM i el 50% per a la valoraci\u00f3 resultant dels vots online per part del p\u00fablic.<\/p>\n<p>Places limitades, imprescindible inscripci\u00f3 per assistir a l\u2019acte en aquest enlla\u00e7:\u00a0<b><a href=\"https:\/\/lnkd.in\/dBeBvw-W\" data-attribute-index=\"22\">https:\/\/lnkd.in\/dBeBvw-W<\/a><\/b><br \/>\nT\u2019hi esperem!<\/p>\n","protected":false},"excerpt":{"rendered":"<p>Ja tenim la llista dels professionals finalistes al PREMI ACPM A LA MILLOR DIRECCI\u00d3 INTEGRADA DE PROJECTE 2023! Enhorabona als seleccionats! Una vegada avaluades les propostes i amb motiu d\u2019un empat en la tercera posici\u00f3, la Junta Directiva ha decidit seleccionar-ne 4 projectes, que anunciem&#8230;<\/p>\n","protected":false},"author":6,"featured_media":1268,"comment_status":"open","ping_status":"closed","sticky":false,"template":"","format":"standard","meta":{"footnotes":""},"categories":[2],"tags":[],"class_list":["post-1271","post","type-post","status-publish","format-standard","has-post-thumbnail","hentry","category-uncategorized-ca"],"_links":{"self":[{"href":"https:\/\/www.acpm.cat\/ca\/wp-json\/wp\/v2\/posts\/1271","targetHints":{"allow":["GET"]}}],"collection":[{"href":"https:\/\/www.acpm.cat\/ca\/wp-json\/wp\/v2\/posts"}],"about":[{"href":"https:\/\/www.acpm.cat\/ca\/wp-json\/wp\/v2\/types\/post"}],"author":[{"embeddable":true,"href":"https:\/\/www.acpm.cat\/ca\/wp-json\/wp\/v2\/users\/6"}],"replies":[{"embeddable":true,"href":"https:\/\/www.acpm.cat\/ca\/wp-json\/wp\/v2\/comments?post=1271"}],"version-history":[{"count":1,"href":"https:\/\/www.acpm.cat\/ca\/wp-json\/wp\/v2\/posts\/1271\/revisions"}],"predecessor-version":[{"id":1272,"href":"https:\/\/www.acpm.cat\/ca\/wp-json\/wp\/v2\/posts\/1271\/revisions\/1272"}],"wp:featuredmedia":[{"embeddable":true,"href":"https:\/\/www.acpm.cat\/ca\/wp-json\/wp\/v2\/media\/1268"}],"wp:attachment":[{"href":"https:\/\/www.acpm.cat\/ca\/wp-json\/wp\/v2\/media?parent=1271"}],"wp:term":[{"taxonomy":"category","embeddable":true,"href":"https:\/\/www.acpm.cat\/ca\/wp-json\/wp\/v2\/categories?post=1271"},{"taxonomy":"post_tag","embeddable":true,"href":"https:\/\/www.acpm.cat\/ca\/wp-json\/wp\/v2\/tags?post=1271"}],"curies":[{"name":"wp","href":"https:\/\/api.w.org\/{rel}","templated":true}]}}