{"id":1273,"date":"2023-06-07T13:32:43","date_gmt":"2023-06-07T11:32:43","guid":{"rendered":"https:\/\/www.acpm.cat\/?p=1273"},"modified":"2023-06-07T13:32:43","modified_gmt":"2023-06-07T11:32:43","slug":"invitacio-a-lentrega-del-premi-acpm-2023-i-conferencia-de-xavier-marcet-el-management-del-segle-xxii-el-15-06-2023","status":"publish","type":"post","link":"https:\/\/www.acpm.cat\/ca\/invitacio-a-lentrega-del-premi-acpm-2023-i-conferencia-de-xavier-marcet-el-management-del-segle-xxii-el-15-06-2023\/","title":{"rendered":"Invitaci\u00f3 a l\u2019entrega del Premi ACPM 2023 i confer\u00e8ncia de Xavier Marcet \u201cEl management del segle XXII\u201d el 15\/06\/2023"},"content":{"rendered":"<p>En el marc del lliurament del Premi ACPM 2023, el proper dia 15 les propostes finalistes seran presentades a la Sala Mirador del Col\u00b7legi d&#8217;Arquitectes de Catalunya, Pla\u00e7a Nova 5, 8a planta, Barcelona.<\/p>\n<p>Hi comptarem amb la participaci\u00f3 destacada de Xavier Marcet que ens parlar\u00e0 sobre \u201cEl Management del Segle XXI\u201d.<\/p>\n<p>Xavier Marcet (https:\/\/xaviermarcet.com\/es) \u00e9s president de Lead to Change, consultora d&#8217;innovaci\u00f3 i estrat\u00e8gia per a empreses, administracions i universitats. Presideix tamb\u00e9 la Druker Society de Barcelona i \u00e9s professor de la BSM \u2013 Pompeu Fabra. Imparteix m\u00e9s de 75 confer\u00e8ncies a l&#8217;any, i escriu articles a diferents mitjans sobre management humanista, estrat\u00e8gia empresarial, management, innovaci\u00f3 i emprenedoria. Ha escrit llibres com: &#8220;Coses que aprenem despr\u00e9s&#8221;, &#8220;Esquivar la mediocritat&#8221; o l&#8217;\u00faltim &#8220;Cr\u00e9ixer fent cr\u00e9ixer&#8221;.<\/p>\n<p>Despr\u00e9s del lliurament de premis, compartirem una copa de cava i networking.<\/p>\n<p>Places limitades. Imprescindible inscripci\u00f3 per assistir a l&#8217;esdeveniment en aquest <strong><a href=\"https:\/\/www.eventbrite.es\/e\/entradas-conferencia-el-management-del-siglo-xxi-y-entrega-primer-premio-acpm2023-617758912537\">enlla\u00e7<\/a><\/strong><\/p>\n<p>T&#8217;hi esperem!<\/p>\n","protected":false},"excerpt":{"rendered":"<p>En el marc del lliurament del Premi ACPM 2023, el proper dia 15 les propostes finalistes seran presentades a la Sala Mirador del Col\u00b7legi d&#8217;Arquitectes de Catalunya, Pla\u00e7a Nova 5, 8a planta, Barcelona. Hi comptarem amb la participaci\u00f3 destacada de Xavier Marcet que ens parlar\u00e0&#8230;<\/p>\n","protected":false},"author":6,"featured_media":1274,"comment_status":"open","ping_status":"closed","sticky":false,"template":"","format":"standard","meta":{"footnotes":""},"categories":[2],"tags":[],"class_list":["post-1273","post","type-post","status-publish","format-standard","has-post-thumbnail","hentry","category-uncategorized-ca"],"_links":{"self":[{"href":"https:\/\/www.acpm.cat\/ca\/wp-json\/wp\/v2\/posts\/1273","targetHints":{"allow":["GET"]}}],"collection":[{"href":"https:\/\/www.acpm.cat\/ca\/wp-json\/wp\/v2\/posts"}],"about":[{"href":"https:\/\/www.acpm.cat\/ca\/wp-json\/wp\/v2\/types\/post"}],"author":[{"embeddable":true,"href":"https:\/\/www.acpm.cat\/ca\/wp-json\/wp\/v2\/users\/6"}],"replies":[{"embeddable":true,"href":"https:\/\/www.acpm.cat\/ca\/wp-json\/wp\/v2\/comments?post=1273"}],"version-history":[{"count":1,"href":"https:\/\/www.acpm.cat\/ca\/wp-json\/wp\/v2\/posts\/1273\/revisions"}],"predecessor-version":[{"id":1276,"href":"https:\/\/www.acpm.cat\/ca\/wp-json\/wp\/v2\/posts\/1273\/revisions\/1276"}],"wp:featuredmedia":[{"embeddable":true,"href":"https:\/\/www.acpm.cat\/ca\/wp-json\/wp\/v2\/media\/1274"}],"wp:attachment":[{"href":"https:\/\/www.acpm.cat\/ca\/wp-json\/wp\/v2\/media?parent=1273"}],"wp:term":[{"taxonomy":"category","embeddable":true,"href":"https:\/\/www.acpm.cat\/ca\/wp-json\/wp\/v2\/categories?post=1273"},{"taxonomy":"post_tag","embeddable":true,"href":"https:\/\/www.acpm.cat\/ca\/wp-json\/wp\/v2\/tags?post=1273"}],"curies":[{"name":"wp","href":"https:\/\/api.w.org\/{rel}","templated":true}]}}