{"id":1302,"date":"2023-10-17T11:10:48","date_gmt":"2023-10-17T09:10:48","guid":{"rendered":"https:\/\/www.acpm.cat\/?p=1302"},"modified":"2023-10-17T11:10:48","modified_gmt":"2023-10-17T09:10:48","slug":"10e-cafe-virtual-amb-lacpm-agent-rehabilitador-versus-project-manager","status":"publish","type":"post","link":"https:\/\/www.acpm.cat\/ca\/10e-cafe-virtual-amb-lacpm-agent-rehabilitador-versus-project-manager\/","title":{"rendered":"10\u00e8 Caf\u00e8 virtual amb l\u2019ACPM: Agent rehabilitador versus project manager"},"content":{"rendered":"<p>L\u2019ACPM continua amb el seu format de trobades curtes i us convoca a una sessi\u00f3 per reflexionar sobre aspectes centrals que incideixen als projectes. Aquesta iniciativa de car\u00e0cter divulgatiu pret\u00e9n ser l&#8217;\u00faltima parada del dia, la m\u00e9s desperta. Us animem a participar-hi en l\u00ednia.<\/p>\n<p>El proper dia 26 d\u2019octubre a les 18.30 hs estarem en directe amb <strong>Josep Antoni Martinez Zaplana<\/strong> i parlarem sobre la figura del gestor o <strong>agent rehabilitador<\/strong> segons el Reial Decret 853\/2021 d&#8217;ajuts a la rehabilitaci\u00f3 residencial i habitatge social, amb el finan\u00e7ament dels fons europeus <em>Next Generation<\/em>.<\/p>\n<p>Inscripci\u00f3 lliure i gratu\u00efta en aquest enlla\u00e7:<\/p>\n<p><a href=\"https:\/\/www.eventbrite.es\/e\/entradas-10e-cafe-virtual-amb-lacpm-agent-rehabilitador-versus-project-manager-739270777797?aff=ebdssbeac\">https:\/\/www.eventbrite.es\/e\/entradas-10e-cafe-virtual-amb-lacpm-agent-rehabilitador-versus-project-manager-739270777797?aff=ebdssbeac<\/a><\/p>\n<p>El dia abans de l&#8217;esdeveniment t&#8217;enviarem les dades per accedir a la sessi\u00f3 en Zoom.<\/p>\n","protected":false},"excerpt":{"rendered":"<p>L\u2019ACPM continua amb el seu format de trobades curtes i us convoca a una sessi\u00f3 per reflexionar sobre aspectes centrals que incideixen als projectes. Aquesta iniciativa de car\u00e0cter divulgatiu pret\u00e9n ser l&#8217;\u00faltima parada del dia, la m\u00e9s desperta. Us animem a participar-hi en l\u00ednia. El&#8230;<\/p>\n","protected":false},"author":6,"featured_media":1303,"comment_status":"open","ping_status":"closed","sticky":false,"template":"","format":"standard","meta":{"footnotes":""},"categories":[2],"tags":[],"class_list":["post-1302","post","type-post","status-publish","format-standard","has-post-thumbnail","hentry","category-uncategorized-ca"],"_links":{"self":[{"href":"https:\/\/www.acpm.cat\/ca\/wp-json\/wp\/v2\/posts\/1302","targetHints":{"allow":["GET"]}}],"collection":[{"href":"https:\/\/www.acpm.cat\/ca\/wp-json\/wp\/v2\/posts"}],"about":[{"href":"https:\/\/www.acpm.cat\/ca\/wp-json\/wp\/v2\/types\/post"}],"author":[{"embeddable":true,"href":"https:\/\/www.acpm.cat\/ca\/wp-json\/wp\/v2\/users\/6"}],"replies":[{"embeddable":true,"href":"https:\/\/www.acpm.cat\/ca\/wp-json\/wp\/v2\/comments?post=1302"}],"version-history":[{"count":1,"href":"https:\/\/www.acpm.cat\/ca\/wp-json\/wp\/v2\/posts\/1302\/revisions"}],"predecessor-version":[{"id":1305,"href":"https:\/\/www.acpm.cat\/ca\/wp-json\/wp\/v2\/posts\/1302\/revisions\/1305"}],"wp:featuredmedia":[{"embeddable":true,"href":"https:\/\/www.acpm.cat\/ca\/wp-json\/wp\/v2\/media\/1303"}],"wp:attachment":[{"href":"https:\/\/www.acpm.cat\/ca\/wp-json\/wp\/v2\/media?parent=1302"}],"wp:term":[{"taxonomy":"category","embeddable":true,"href":"https:\/\/www.acpm.cat\/ca\/wp-json\/wp\/v2\/categories?post=1302"},{"taxonomy":"post_tag","embeddable":true,"href":"https:\/\/www.acpm.cat\/ca\/wp-json\/wp\/v2\/tags?post=1302"}],"curies":[{"name":"wp","href":"https:\/\/api.w.org\/{rel}","templated":true}]}}