{"id":1371,"date":"2024-01-30T13:54:42","date_gmt":"2024-01-30T12:54:42","guid":{"rendered":"https:\/\/www.acpm.cat\/?p=1371"},"modified":"2024-01-30T13:54:42","modified_gmt":"2024-01-30T12:54:42","slug":"invitacio-a-lacte-de-celebracio-dels-10-anys-del-postgrau-project-management-de-lescola-sert","status":"publish","type":"post","link":"https:\/\/www.acpm.cat\/ca\/invitacio-a-lacte-de-celebracio-dels-10-anys-del-postgrau-project-management-de-lescola-sert\/","title":{"rendered":"Invitaci\u00f3 a l&#8217;Acte de celebraci\u00f3 dels 10 anys del postgrau Project Management de l&#8217;Escola Sert"},"content":{"rendered":"<p>El postgrau de Project Management de l&#8217;Escola Sert comen\u00e7ar\u00e0 aquest mar\u00e7 la seva 10a edici\u00f3.<\/p>\n<p>Volem celebrar-la fent una gran trobada amb professors, exalumnes i professionals d\u2019aquest sector.<\/p>\n<p>I tamb\u00e9 promoure el debat i intercanvis d&#8217;experi\u00e8ncies amb un col\u00b7loqui i networking amb pica-pica al finalitzar l\u2019acte.\u00a0T\u2019hi esperem!<\/p>\n<p>Inscripcions en aquest enlla\u00e7:<\/p>\n<p><a href=\"https:\/\/www.escolasert.com\/ca\/calendari\/acte-postgrau-project-manager\"><strong>Acte 10\u00aa edici\u00f3 de postgrau de Project Manager Escola Sert | Escola Sert<\/strong><\/a><\/p>\n<p><strong>Dimarts 13 de febrer, Sala d&#8217;Actes COAC | Pla\u00e7a Nova 5\u00a0 08002 Barcelona<\/strong><\/p>\n<p><strong>Programa<\/strong><strong>:<\/strong><\/p>\n<p>18.00 h Recepci\u00f3 assistents<\/p>\n<p>18.10 h Presentacions\/Introducci\u00f3 a l&#8217;acte:<\/p>\n<ul>\n<li>Alberto L\u00f3pez, Coordinador Escola Sert<\/li>\n<li>Andr\u00e9s Garcia, Director del Postgrau de PM de l&#8217;Escola Sert (Edicions 1-5)<\/li>\n<li>Jordi Teixid\u00f3, Co-director del Postgrau de PM de l&#8217;Escola Sert. (Edicions 5-10)<\/li>\n<li>Jordi Segur\u00f3 Capa, President de l&#8217;ACPM (Associaci\u00f3 Catalana de Project Management<\/li>\n<\/ul>\n<p><strong>\u00a0<\/strong><strong>18.45 h Col\u00b7loqui: Les persones com eix central del projecte!<\/strong><\/p>\n<p>Modera: Isidre Roca Co-director del Postgrau de PM de l&#8217;Escola Sert (Edicions 5-10)<\/p>\n<ul>\n<li>Lluis Moya, arquitecte responsable de l\u2019Espai Bar\u00e7a<\/li>\n<li>Ana Bassat,\u00a0arquitecta s\u00f2cia fundadora B720<\/li>\n<li>Anna Gener, CEO de Savills Barcelona.<\/li>\n<li>Aina Juliol, presidenta PGI Engineering<\/li>\n<li>Albert Comas, ex-alumne del postgrau<\/li>\n<\/ul>\n<p>19.40 h Networking\u00a0amb pica-pica<\/p>\n<p>&nbsp;<\/p>\n<p>&nbsp;<\/p>\n","protected":false},"excerpt":{"rendered":"<p>El postgrau de Project Management de l&#8217;Escola Sert comen\u00e7ar\u00e0 aquest mar\u00e7 la seva 10a edici\u00f3. Volem celebrar-la fent una gran trobada amb professors, exalumnes i professionals d\u2019aquest sector. I tamb\u00e9 promoure el debat i intercanvis d&#8217;experi\u00e8ncies amb un col\u00b7loqui i networking amb pica-pica al finalitzar&#8230;<\/p>\n","protected":false},"author":6,"featured_media":1368,"comment_status":"open","ping_status":"closed","sticky":false,"template":"","format":"standard","meta":{"footnotes":""},"categories":[2],"tags":[],"class_list":["post-1371","post","type-post","status-publish","format-standard","has-post-thumbnail","hentry","category-uncategorized-ca"],"_links":{"self":[{"href":"https:\/\/www.acpm.cat\/ca\/wp-json\/wp\/v2\/posts\/1371","targetHints":{"allow":["GET"]}}],"collection":[{"href":"https:\/\/www.acpm.cat\/ca\/wp-json\/wp\/v2\/posts"}],"about":[{"href":"https:\/\/www.acpm.cat\/ca\/wp-json\/wp\/v2\/types\/post"}],"author":[{"embeddable":true,"href":"https:\/\/www.acpm.cat\/ca\/wp-json\/wp\/v2\/users\/6"}],"replies":[{"embeddable":true,"href":"https:\/\/www.acpm.cat\/ca\/wp-json\/wp\/v2\/comments?post=1371"}],"version-history":[{"count":1,"href":"https:\/\/www.acpm.cat\/ca\/wp-json\/wp\/v2\/posts\/1371\/revisions"}],"predecessor-version":[{"id":1372,"href":"https:\/\/www.acpm.cat\/ca\/wp-json\/wp\/v2\/posts\/1371\/revisions\/1372"}],"wp:featuredmedia":[{"embeddable":true,"href":"https:\/\/www.acpm.cat\/ca\/wp-json\/wp\/v2\/media\/1368"}],"wp:attachment":[{"href":"https:\/\/www.acpm.cat\/ca\/wp-json\/wp\/v2\/media?parent=1371"}],"wp:term":[{"taxonomy":"category","embeddable":true,"href":"https:\/\/www.acpm.cat\/ca\/wp-json\/wp\/v2\/categories?post=1371"},{"taxonomy":"post_tag","embeddable":true,"href":"https:\/\/www.acpm.cat\/ca\/wp-json\/wp\/v2\/tags?post=1371"}],"curies":[{"name":"wp","href":"https:\/\/api.w.org\/{rel}","templated":true}]}}