{"id":1442,"date":"2024-06-17T17:54:27","date_gmt":"2024-06-17T15:54:27","guid":{"rendered":"https:\/\/www.acpm.cat\/?p=1442"},"modified":"2024-06-17T17:54:27","modified_gmt":"2024-06-17T15:54:27","slug":"video-11e-cafe-virtual-el-gir-digital-de-les-professions-i-la-ia","status":"publish","type":"post","link":"https:\/\/www.acpm.cat\/ca\/video-11e-cafe-virtual-el-gir-digital-de-les-professions-i-la-ia\/","title":{"rendered":"V\u00eddeo 11\u00e8 caf\u00e8 virtual: El gir digital de les professions&#8230;i la IA"},"content":{"rendered":"<p>Estimats col\u00b7legues,<\/p>\n<p>Moltes gr\u00e0cies per apuntar-vos i compartir amb nosaltres en directe el 11\u00e8 caf\u00e8 virtual organitzat per l&#8217;ACPM dijous 13 de juny on vam parlar amb l\u2019arquitecte Jordi Ludevid sobre \u201c<strong>El gir digital de les professions&#8230;i la IA.<\/strong>\u201d<\/p>\n<p>Recordeu que si no hi vau poder assistir, ja teniu l&#8217;oportunitat de veure el v\u00eddeo al nostre canal de Youtube des d&#8217;aquest enlla\u00e7:<\/p>\n<p><a href=\"https:\/\/youtu.be\/AYVTm8uvhMc?feature=shared\">https:\/\/youtu.be\/AYVTm8uvhMc?feature=shared<\/a><\/p>\n<p>Us convidem a compartir lliurement els continguts del nostre canal amb altres col\u00b7legues que cregueu que hi puguin estar interessats.<\/p>\n<p>Esperem tornar a comptar amb vosaltres en properes trobades!<\/p>\n","protected":false},"excerpt":{"rendered":"<p>Estimats col\u00b7legues, Moltes gr\u00e0cies per apuntar-vos i compartir amb nosaltres en directe el 11\u00e8 caf\u00e8 virtual organitzat per l&#8217;ACPM dijous 13 de juny on vam parlar amb l\u2019arquitecte Jordi Ludevid sobre \u201cEl gir digital de les professions&#8230;i la IA.\u201d Recordeu que si no hi vau&#8230;<\/p>\n","protected":false},"author":6,"featured_media":0,"comment_status":"open","ping_status":"closed","sticky":false,"template":"","format":"standard","meta":{"footnotes":""},"categories":[2],"tags":[],"class_list":["post-1442","post","type-post","status-publish","format-standard","hentry","category-uncategorized-ca"],"_links":{"self":[{"href":"https:\/\/www.acpm.cat\/ca\/wp-json\/wp\/v2\/posts\/1442","targetHints":{"allow":["GET"]}}],"collection":[{"href":"https:\/\/www.acpm.cat\/ca\/wp-json\/wp\/v2\/posts"}],"about":[{"href":"https:\/\/www.acpm.cat\/ca\/wp-json\/wp\/v2\/types\/post"}],"author":[{"embeddable":true,"href":"https:\/\/www.acpm.cat\/ca\/wp-json\/wp\/v2\/users\/6"}],"replies":[{"embeddable":true,"href":"https:\/\/www.acpm.cat\/ca\/wp-json\/wp\/v2\/comments?post=1442"}],"version-history":[{"count":1,"href":"https:\/\/www.acpm.cat\/ca\/wp-json\/wp\/v2\/posts\/1442\/revisions"}],"predecessor-version":[{"id":1443,"href":"https:\/\/www.acpm.cat\/ca\/wp-json\/wp\/v2\/posts\/1442\/revisions\/1443"}],"wp:attachment":[{"href":"https:\/\/www.acpm.cat\/ca\/wp-json\/wp\/v2\/media?parent=1442"}],"wp:term":[{"taxonomy":"category","embeddable":true,"href":"https:\/\/www.acpm.cat\/ca\/wp-json\/wp\/v2\/categories?post=1442"},{"taxonomy":"post_tag","embeddable":true,"href":"https:\/\/www.acpm.cat\/ca\/wp-json\/wp\/v2\/tags?post=1442"}],"curies":[{"name":"wp","href":"https:\/\/api.w.org\/{rel}","templated":true}]}}