{"id":1492,"date":"2024-11-18T14:08:03","date_gmt":"2024-11-18T13:08:03","guid":{"rendered":"https:\/\/www.acpm.cat\/?p=1492"},"modified":"2024-11-18T14:08:03","modified_gmt":"2024-11-18T13:08:03","slug":"12e-cafe-virtual-amb-lacpm-habitatge-cooperatiu-en-cessio-dus-promocio-democratica-de-propietat-col%c2%b7lectiva-orientada-a-la-transformacio-social","status":"publish","type":"post","link":"https:\/\/www.acpm.cat\/ca\/12e-cafe-virtual-amb-lacpm-habitatge-cooperatiu-en-cessio-dus-promocio-democratica-de-propietat-col%c2%b7lectiva-orientada-a-la-transformacio-social\/","title":{"rendered":"12\u00e8 Caf\u00e8 virtual amb l\u2019ACPM: Habitatge cooperatiu en cessi\u00f3 d&#8217;\u00fas, promoci\u00f3 democr\u00e0tica de propietat col\u00b7lectiva orientada a la transformaci\u00f3 social"},"content":{"rendered":"<p>L\u2019ACPM continua amb el seu format de trobades curtes i us convoca a una sessi\u00f3 per reflexionar sobre aspectes centrals que incideixen als projectes. Aquesta iniciativa de car\u00e0cter divulgatiu pret\u00e9n ser l&#8217;\u00faltima parada del dia, la m\u00e9s desperta. Us animem a participar-hi en l\u00ednia.<\/p>\n<p>El proper dia <strong>21 de novembre a les 18.30 hs<\/strong> estarem en directe amb Jos\u00e9 T\u00e9llez i parlarem sobre el model d\u2019habitatge cooperatiu en cessi\u00f3 d\u2019\u00fas, que combina la for\u00e7a de la <strong>gesti\u00f3 comunit\u00e0ria amb la innovaci\u00f3 en el desenvolupament de projectes<\/strong>. Descobreix com un enfocament col\u00b7lectiu i sostenible transforma la manera de gestionar i viure l\u2019habitatge, sent una alternativa creixent al model basat exclusivament en el benefici econ\u00f2mic.<\/p>\n<p><strong>Jos\u00e9 T\u00e9llez<\/strong> \u00e9s responsable de comunicaci\u00f3 i soci de treball des de fa 4 anys a Sostre C\u00edvic, la principal cooperativa d\u2019habitatge cooperatiu en cessi\u00f3 d\u2019\u00fas a Catalunya. Amb m\u00e9s de 10 anys d\u2019experi\u00e8ncia en comunicaci\u00f3 i cooperativisme, treballa per difondre el model lligat a uns valors socials que garanteixen el dret a l\u2019habitatge amb criteris d\u2019equitat, sostenibilitat i autogesti\u00f3.<\/p>\n<p>T\u2019esperem! Inscripci\u00f3 lliure i gratu\u00efta en aquest enlla\u00e7:<\/p>\n<p><a href=\"https:\/\/www.eventbrite.es\/e\/12e-cafe-virtual-amb-lacpm-habitatge-cooperatiu-en-cessio-dus-tickets-1084082161929?aff=oddtdtcreator\"><strong>https:\/\/www.eventbrite.es\/e\/12e-cafe-virtual-amb-lacpm-habitatge-cooperatiu-en-cessio-dus-tickets-1084082161929?aff=oddtdtcreator<\/strong><\/a><\/p>\n<p>El dia abans de l&#8217;esdeveniment t&#8217;enviarem les dades per accedir a la sessi\u00f3 via Zoom.<\/p>\n","protected":false},"excerpt":{"rendered":"<p>L\u2019ACPM continua amb el seu format de trobades curtes i us convoca a una sessi\u00f3 per reflexionar sobre aspectes centrals que incideixen als projectes. Aquesta iniciativa de car\u00e0cter divulgatiu pret\u00e9n ser l&#8217;\u00faltima parada del dia, la m\u00e9s desperta. Us animem a participar-hi en l\u00ednia. El&#8230;<\/p>\n","protected":false},"author":6,"featured_media":1493,"comment_status":"open","ping_status":"closed","sticky":false,"template":"","format":"standard","meta":{"footnotes":""},"categories":[2],"tags":[],"class_list":["post-1492","post","type-post","status-publish","format-standard","has-post-thumbnail","hentry","category-uncategorized-ca"],"_links":{"self":[{"href":"https:\/\/www.acpm.cat\/ca\/wp-json\/wp\/v2\/posts\/1492","targetHints":{"allow":["GET"]}}],"collection":[{"href":"https:\/\/www.acpm.cat\/ca\/wp-json\/wp\/v2\/posts"}],"about":[{"href":"https:\/\/www.acpm.cat\/ca\/wp-json\/wp\/v2\/types\/post"}],"author":[{"embeddable":true,"href":"https:\/\/www.acpm.cat\/ca\/wp-json\/wp\/v2\/users\/6"}],"replies":[{"embeddable":true,"href":"https:\/\/www.acpm.cat\/ca\/wp-json\/wp\/v2\/comments?post=1492"}],"version-history":[{"count":1,"href":"https:\/\/www.acpm.cat\/ca\/wp-json\/wp\/v2\/posts\/1492\/revisions"}],"predecessor-version":[{"id":1495,"href":"https:\/\/www.acpm.cat\/ca\/wp-json\/wp\/v2\/posts\/1492\/revisions\/1495"}],"wp:featuredmedia":[{"embeddable":true,"href":"https:\/\/www.acpm.cat\/ca\/wp-json\/wp\/v2\/media\/1493"}],"wp:attachment":[{"href":"https:\/\/www.acpm.cat\/ca\/wp-json\/wp\/v2\/media?parent=1492"}],"wp:term":[{"taxonomy":"category","embeddable":true,"href":"https:\/\/www.acpm.cat\/ca\/wp-json\/wp\/v2\/categories?post=1492"},{"taxonomy":"post_tag","embeddable":true,"href":"https:\/\/www.acpm.cat\/ca\/wp-json\/wp\/v2\/tags?post=1492"}],"curies":[{"name":"wp","href":"https:\/\/api.w.org\/{rel}","templated":true}]}}