{"id":1512,"date":"2024-11-25T09:46:05","date_gmt":"2024-11-25T08:46:05","guid":{"rendered":"https:\/\/www.acpm.cat\/?p=1512"},"modified":"2024-11-25T09:46:05","modified_gmt":"2024-11-25T08:46:05","slug":"enllac-al-video-12e-cafe-virtual-del-21-11-2024","status":"publish","type":"post","link":"https:\/\/www.acpm.cat\/ca\/enllac-al-video-12e-cafe-virtual-del-21-11-2024\/","title":{"rendered":"Enlla\u00e7 al v\u00eddeo 12\u00e8 Caf\u00e8 virtual del 21\/11\/2024"},"content":{"rendered":"<p>Estimat@ col\u00b7lega,<\/p>\n<p>Moltes gr\u00e0cies per apuntar-vos i compartir amb nosaltres en directe el 12\u00e8 caf\u00e8 virtual organitzat per l&#8217;ACPM dijous passat 21 de novembre on vam estar parlant amb Jos\u00e9 T\u00e9llez sobre \u201c<strong>Habitatge cooperatiu en cessi\u00f3 d&#8217;\u00fas, promoci\u00f3 democr\u00e0tica de propietat col\u00b7lectiva orientada a la transformaci\u00f3 social.<\/strong>\u201d<\/p>\n<p>Per\u00f2 si no hi vas poder assistir, ja tens l&#8217;oportunitat de veure el v\u00eddeo al nostre canal de Youtube des d&#8217;aquest enlla\u00e7:<\/p>\n<p><a href=\"https:\/\/youtu.be\/V5N60egJEV0\"><strong>https:\/\/youtu.be\/V5N60egJEV0<\/strong><\/a><\/p>\n<p>Et convidem a compartir lliurement els continguts del nostre canal amb altres col\u00b7legues que creguis que hi puguin estar interessats.<\/p>\n<p>Esperem tornar a comptar amb tu en properes trobades!<\/p>\n","protected":false},"excerpt":{"rendered":"<p>Estimat@ col\u00b7lega, Moltes gr\u00e0cies per apuntar-vos i compartir amb nosaltres en directe el 12\u00e8 caf\u00e8 virtual organitzat per l&#8217;ACPM dijous passat 21 de novembre on vam estar parlant amb Jos\u00e9 T\u00e9llez sobre \u201cHabitatge cooperatiu en cessi\u00f3 d&#8217;\u00fas, promoci\u00f3 democr\u00e0tica de propietat col\u00b7lectiva orientada a la&#8230;<\/p>\n","protected":false},"author":6,"featured_media":0,"comment_status":"open","ping_status":"closed","sticky":false,"template":"","format":"standard","meta":{"footnotes":""},"categories":[2],"tags":[],"class_list":["post-1512","post","type-post","status-publish","format-standard","hentry","category-uncategorized-ca"],"_links":{"self":[{"href":"https:\/\/www.acpm.cat\/ca\/wp-json\/wp\/v2\/posts\/1512","targetHints":{"allow":["GET"]}}],"collection":[{"href":"https:\/\/www.acpm.cat\/ca\/wp-json\/wp\/v2\/posts"}],"about":[{"href":"https:\/\/www.acpm.cat\/ca\/wp-json\/wp\/v2\/types\/post"}],"author":[{"embeddable":true,"href":"https:\/\/www.acpm.cat\/ca\/wp-json\/wp\/v2\/users\/6"}],"replies":[{"embeddable":true,"href":"https:\/\/www.acpm.cat\/ca\/wp-json\/wp\/v2\/comments?post=1512"}],"version-history":[{"count":1,"href":"https:\/\/www.acpm.cat\/ca\/wp-json\/wp\/v2\/posts\/1512\/revisions"}],"predecessor-version":[{"id":1513,"href":"https:\/\/www.acpm.cat\/ca\/wp-json\/wp\/v2\/posts\/1512\/revisions\/1513"}],"wp:attachment":[{"href":"https:\/\/www.acpm.cat\/ca\/wp-json\/wp\/v2\/media?parent=1512"}],"wp:term":[{"taxonomy":"category","embeddable":true,"href":"https:\/\/www.acpm.cat\/ca\/wp-json\/wp\/v2\/categories?post=1512"},{"taxonomy":"post_tag","embeddable":true,"href":"https:\/\/www.acpm.cat\/ca\/wp-json\/wp\/v2\/tags?post=1512"}],"curies":[{"name":"wp","href":"https:\/\/api.w.org\/{rel}","templated":true}]}}