{"id":1525,"date":"2025-02-11T12:47:54","date_gmt":"2025-02-11T11:47:54","guid":{"rendered":"https:\/\/www.acpm.cat\/?p=1525"},"modified":"2025-02-11T12:47:54","modified_gmt":"2025-02-11T11:47:54","slug":"1a-trobada-tecnica-amb-lacpm-nous-formigons-mes-ecologics-i-sostenibles","status":"publish","type":"post","link":"https:\/\/www.acpm.cat\/ca\/1a-trobada-tecnica-amb-lacpm-nous-formigons-mes-ecologics-i-sostenibles\/","title":{"rendered":"1a trobada t\u00e8cnica amb l\u2019ACPM: Nous formigons, m\u00e9s ecol\u00f2gics i sostenibles"},"content":{"rendered":"<p>L\u2019ACPM continua amb el seu format de trobades curtes i comen\u00e7a l&#8217;any amb una sessi\u00f3 t\u00e8cnica per reflexionar sobre aspectes que incideixen en els projectes. Aquesta iniciativa de car\u00e0cter divulgatiu pret\u00e9n ser l&#8217;\u00faltima parada del dia, la m\u00e9s desperta. Us animem a participar-hi en l\u00ednia.<\/p>\n<p>El proper dia <strong>19 de febrer a les 18.30hs <\/strong>comptarem amb la pres\u00e8ncia de Gabriela Korsakas, responsable de prescripci\u00f3 de l\u2019empresa Holcim. Ens parlar\u00e0 dels diferents tipus de ciments i com aquests acaben configurant els diferents tipus de formigons. Incidir\u00e0 especialment en els <strong>nous formigons, m\u00e9s ecol\u00f2gics\u00a0i\u00a0sostenibles<\/strong>.<\/p>\n<p><strong>Gabriela Korsakas<\/strong> \u00e9s enginyera civil, amb m\u00e9s de 9 anys d&#8217;experi\u00e8ncia en la ind\u00fastria de la construcci\u00f3, com a Project Manager, Business Development i d\u2019Operacions. Interessada a construir un futur m\u00e9s sostenible, s&#8217; involucra en projectes que generen un impacte positiu des de la ind\u00fastria de la construcci\u00f3.<\/p>\n<p><strong>Holcim<\/strong> \u00e9s una empresa multinacional l\u00edder en solucions innovadores per a la construcci\u00f3, que aposta pel desenvolupament de materials i solucions d&#8217;avantguarda orientats a la construcci\u00f3 de ciutats sostenibles i neutres en carboni.<\/p>\n<p>T\u2019esperem!<\/p>\n<p>Inscripci\u00f3 lliure i gratu\u00efta en aquest enlla\u00e7:<\/p>\n<p><a href=\"https:\/\/www.eventbrite.es\/e\/entradas-1a-trobada-tecnica-amb-lacpm-nous-formigons-mes-ecologics-i-sostenibles-1237222378439\"><strong>https:\/\/www.eventbrite.es\/e\/entradas-1a-trobada-tecnica-amb-lacpm-nous-formigons-mes-ecologics-i-sostenibles-1237222378439<\/strong><\/a><\/p>\n<p>El dia abans de l&#8217;esdeveniment t&#8217;enviarem les dades per accedir a la sessi\u00f3 via Zoom<\/p>\n","protected":false},"excerpt":{"rendered":"<p>L\u2019ACPM continua amb el seu format de trobades curtes i comen\u00e7a l&#8217;any amb una sessi\u00f3 t\u00e8cnica per reflexionar sobre aspectes que incideixen en els projectes. Aquesta iniciativa de car\u00e0cter divulgatiu pret\u00e9n ser l&#8217;\u00faltima parada del dia, la m\u00e9s desperta. Us animem a participar-hi en l\u00ednia&#8230;.<\/p>\n","protected":false},"author":6,"featured_media":1520,"comment_status":"open","ping_status":"closed","sticky":false,"template":"","format":"standard","meta":{"footnotes":""},"categories":[2],"tags":[],"class_list":["post-1525","post","type-post","status-publish","format-standard","has-post-thumbnail","hentry","category-uncategorized-ca"],"_links":{"self":[{"href":"https:\/\/www.acpm.cat\/ca\/wp-json\/wp\/v2\/posts\/1525","targetHints":{"allow":["GET"]}}],"collection":[{"href":"https:\/\/www.acpm.cat\/ca\/wp-json\/wp\/v2\/posts"}],"about":[{"href":"https:\/\/www.acpm.cat\/ca\/wp-json\/wp\/v2\/types\/post"}],"author":[{"embeddable":true,"href":"https:\/\/www.acpm.cat\/ca\/wp-json\/wp\/v2\/users\/6"}],"replies":[{"embeddable":true,"href":"https:\/\/www.acpm.cat\/ca\/wp-json\/wp\/v2\/comments?post=1525"}],"version-history":[{"count":1,"href":"https:\/\/www.acpm.cat\/ca\/wp-json\/wp\/v2\/posts\/1525\/revisions"}],"predecessor-version":[{"id":1526,"href":"https:\/\/www.acpm.cat\/ca\/wp-json\/wp\/v2\/posts\/1525\/revisions\/1526"}],"wp:featuredmedia":[{"embeddable":true,"href":"https:\/\/www.acpm.cat\/ca\/wp-json\/wp\/v2\/media\/1520"}],"wp:attachment":[{"href":"https:\/\/www.acpm.cat\/ca\/wp-json\/wp\/v2\/media?parent=1525"}],"wp:term":[{"taxonomy":"category","embeddable":true,"href":"https:\/\/www.acpm.cat\/ca\/wp-json\/wp\/v2\/categories?post=1525"},{"taxonomy":"post_tag","embeddable":true,"href":"https:\/\/www.acpm.cat\/ca\/wp-json\/wp\/v2\/tags?post=1525"}],"curies":[{"name":"wp","href":"https:\/\/api.w.org\/{rel}","templated":true}]}}