{"id":1544,"date":"2025-05-20T10:30:04","date_gmt":"2025-05-20T08:30:04","guid":{"rendered":"https:\/\/www.acpm.cat\/?p=1544"},"modified":"2025-05-20T10:30:04","modified_gmt":"2025-05-20T08:30:04","slug":"13e-cafe-virtual-integracio-de-dades-de-lentorn-en-models-bim-clau-per-a-un-disseny-arquitectonic-intel%c2%b7ligent","status":"publish","type":"post","link":"https:\/\/www.acpm.cat\/ca\/13e-cafe-virtual-integracio-de-dades-de-lentorn-en-models-bim-clau-per-a-un-disseny-arquitectonic-intel%c2%b7ligent\/","title":{"rendered":"13\u00e8 Caf\u00e8 virtual: Integraci\u00f3 de dades de l&#8217;entorn en models BIM, clau per a un disseny arquitect\u00f2nic intel\u00b7ligent"},"content":{"rendered":"<p><strong>Et convidem al 13\u00e8 Caf\u00e8 virtual amb l\u2019ACPM: Integraci\u00f3 de dades de l&#8217;entorn en models BIM, clau per a un disseny arquitect\u00f2nic intel\u00b7ligent<\/strong><\/p>\n<p>L\u2019ACPM continua amb el seu format de trobades curtes i us convoca a una sessi\u00f3 per reflexionar sobre aspectes centrals que incideixen en els projectes. Aquesta iniciativa de car\u00e0cter divulgatiu pret\u00e9n ser l&#8217;\u00faltima parada del dia, la m\u00e9s desperta. Us animem a participar-hi en l\u00ednia.<\/p>\n<p>El proper dia <strong>27 de maig a les 18.30 hs<\/strong> serem en directe amb Alexandre Gauthier i parlarem sobre la integraci\u00f3 de dades en models BIM. Parlar d&#8217;aquest tema \u00e9s clau perqu\u00e8 el <strong>veritable potencial de BIM<\/strong> no resideix nom\u00e9s en la geometria, sin\u00f3 en la qualitat i profunditat de les dades que l&#8217;alimenten. Incorporar informaci\u00f3 de l&#8217;entorn converteix el model en una eina <strong>m\u00e9s precisa, intel\u00b7ligent i \u00fatil<\/strong> per a arquitectes, enginyers i gestors del cicle de vida de l&#8217;edifici.<\/p>\n<p><strong>Alexandre Gauthier Amig\u00f3 <\/strong>\u00e9s arquitecte per la Universitat Polit\u00e8cnica de Catalunya (UPC), professor a ETSAV i ETSAB al Departament de Tecnologia d&#8217;Arquitectura. Membre del Col\u00b7legi d&#8217;Arquitectes de Catalunya (COAC). Doctorat en el programa de Gesti\u00f3 i Avaluaci\u00f3 urbana i arquitect\u00f2nica a la Universitat Polit\u00e8cnica de Catalunya (UPC); investigador en el CPSV de la UPC i Mestratge en Sistemes d&#8217;informaci\u00f3 geogr\u00e0fica de la UPC, entre d&#8217;altres. Expert professional en tecnologia SIG, BIM i en particular la ci\u00e8ncia de les dades. Amb gran coneixement en captura, processament, emmagatzematge i an\u00e0lisi de dades, incl\u00f2s un enfocament significatiu sobre temes d&#8217;aprenentatge autom\u00e0tic, big data, processament de dades, an\u00e0lisi de xarxes socials o aprenentatge profund, entre d&#8217;altres.<\/p>\n<p>T\u2019hi esperem! Inscripci\u00f3 lliure i gratu\u00efta en aquest enlla\u00e7:<\/p>\n<p><a href=\"https:\/\/www.eventbrite.es\/e\/entradas-13e-cafe-virtual-amb-lacpm-integracio-de-dades-de-lentorn-en-models-bim-1371150611389?aff=oddtdtcreator\"><strong>https:\/\/www.eventbrite.es\/e\/entradas-13e-cafe-virtual-amb-lacpm-integracio-de-dades-de-lentorn-en-models-bim-1371150611389?aff=oddtdtcreator<\/strong><\/a><\/p>\n<p>T&#8217;enviarem les dades per accedir a la sessi\u00f3 via Zoom.<\/p>\n","protected":false},"excerpt":{"rendered":"<p>Et convidem al 13\u00e8 Caf\u00e8 virtual amb l\u2019ACPM: Integraci\u00f3 de dades de l&#8217;entorn en models BIM, clau per a un disseny arquitect\u00f2nic intel\u00b7ligent L\u2019ACPM continua amb el seu format de trobades curtes i us convoca a una sessi\u00f3 per reflexionar sobre aspectes centrals que incideixen&#8230;<\/p>\n","protected":false},"author":6,"featured_media":1545,"comment_status":"open","ping_status":"closed","sticky":false,"template":"","format":"standard","meta":{"footnotes":""},"categories":[2],"tags":[],"class_list":["post-1544","post","type-post","status-publish","format-standard","has-post-thumbnail","hentry","category-uncategorized-ca"],"_links":{"self":[{"href":"https:\/\/www.acpm.cat\/ca\/wp-json\/wp\/v2\/posts\/1544","targetHints":{"allow":["GET"]}}],"collection":[{"href":"https:\/\/www.acpm.cat\/ca\/wp-json\/wp\/v2\/posts"}],"about":[{"href":"https:\/\/www.acpm.cat\/ca\/wp-json\/wp\/v2\/types\/post"}],"author":[{"embeddable":true,"href":"https:\/\/www.acpm.cat\/ca\/wp-json\/wp\/v2\/users\/6"}],"replies":[{"embeddable":true,"href":"https:\/\/www.acpm.cat\/ca\/wp-json\/wp\/v2\/comments?post=1544"}],"version-history":[{"count":1,"href":"https:\/\/www.acpm.cat\/ca\/wp-json\/wp\/v2\/posts\/1544\/revisions"}],"predecessor-version":[{"id":1547,"href":"https:\/\/www.acpm.cat\/ca\/wp-json\/wp\/v2\/posts\/1544\/revisions\/1547"}],"wp:featuredmedia":[{"embeddable":true,"href":"https:\/\/www.acpm.cat\/ca\/wp-json\/wp\/v2\/media\/1545"}],"wp:attachment":[{"href":"https:\/\/www.acpm.cat\/ca\/wp-json\/wp\/v2\/media?parent=1544"}],"wp:term":[{"taxonomy":"category","embeddable":true,"href":"https:\/\/www.acpm.cat\/ca\/wp-json\/wp\/v2\/categories?post=1544"},{"taxonomy":"post_tag","embeddable":true,"href":"https:\/\/www.acpm.cat\/ca\/wp-json\/wp\/v2\/tags?post=1544"}],"curies":[{"name":"wp","href":"https:\/\/api.w.org\/{rel}","templated":true}]}}