{"id":669,"date":"2019-11-07T13:43:24","date_gmt":"2019-11-07T12:43:24","guid":{"rendered":"https:\/\/www.acpm.cat\/?p=669"},"modified":"2019-11-07T13:43:24","modified_gmt":"2019-11-07T12:43:24","slug":"sessio-debat-la-mesura-de-lexit-dels-projectes","status":"publish","type":"post","link":"https:\/\/www.acpm.cat\/ca\/sessio-debat-la-mesura-de-lexit-dels-projectes\/","title":{"rendered":"Sessi\u00f3 debat &#8220;La mesura de l&#8217;\u00e8xit dels Projectes&#8221;"},"content":{"rendered":"<p>El proper 4 de desembre a les 18.30 h tindr\u00e0 lloc a la Sala d&#8217;Actes del COAC una nova sessi\u00f3 debat organitzada per l\u2019Associaci\u00f3 Catalana de Project Management (ACPM), conjuntament amb el Grup de Treball de Project Management del COAC.<\/p>\n<p>Que els projectes semblen tenir vida pr\u00f2pia \u00e9s conegut per tots, diferents circumst\u00e0ncies apareixen com una amena\u00e7a que els posa en risc de forma sobtada i en la mesura que aquests riscos han estat avaluats, el seu impacte tindr\u00e0, o no, la transposici\u00f3 en l\u2019\u00e8xit esperat.<\/p>\n<p>Preveure grans expectatives pot portar a grans decepcions, o d\u2019altra banda, l\u2019exc\u00e9s de prud\u00e8ncia porta al desinter\u00e9s i l\u2019abandonament. La mesura de l\u2019\u00e8xit \u00e9s en bona manera una percepci\u00f3, quan no s\u2019han previst els indicadors raonables que concreten l\u2019assoliment dels objectius previstos. La torre Malmo de Santiago Calatrava va acabar amb la seva promotora, per\u00f2 es tracta com una icona en el pa\u00eds. Molts municipis han aprovat encomiables planejaments urban\u00edstics on el desenvolupament sostenible ha estat l\u2019eix de l\u2019ordenaci\u00f3 i els seus alcaldes han estat arrasats en les seg\u00fcents eleccions. Edificis premiats condemnats a la piconadora per sent\u00e8ncies judicials i aut\u00e8ntics desastres econ\u00f2mics portats fins al final a qualsevol preu.<\/p>\n<p>Seguint amb la l\u00ednia de debats oberta per l\u2019ACPM, volem analitzar a final d\u2019any com es tanca el cercle virtu\u00f3s de vida dels projectes.<\/p>\n<p>Primer amb una visi\u00f3 t\u00e8cnica, sobre la necessitat de control dels projectes i una an\u00e0lisi adequada sobre la seva viabilitat, que haurien evitat molts dels mals que han afectat el territori.<\/p>\n<p>Tamb\u00e9 analitzarem la valoraci\u00f3 de l&#8217;\u00e8xit d&#8217;un projecte des de propostes de sostenibilitat.<\/p>\n<p>Despr\u00e9s amb el projecte del Museu del Clima, de Toni Giron\u00e8s, que ha mutat des de l\u2019ambici\u00f3s abast inicial, a una proposta que va rebre recentment el Premi d\u2019Arquitectura Espanyola del CSCAE, mantenint els seus objectius inicials malgrat les dificultats econ\u00f2miques i assolint un alt nivell de qualitat arquitect\u00f2nica.<\/p>\n<p>Finalitzar\u00e0 la Jornada amb un debat a l\u2019entorn dels aspectes tractats com una fotografia genu\u00efna d\u2019un dels aspectes m\u00e9s oblidats en els diferents processos de la direcci\u00f3 dels projectes, la seva Avaluaci\u00f3: <strong>La mesura de l\u2019\u00e8xit dels projectes<\/strong>.<\/p>\n<p><strong>Programa<\/strong>:<\/p>\n<p><strong>18.20hs: Recepci\u00f3 assistents<\/strong><\/p>\n<p><strong>18.30hs: Presentaci\u00f3 de l\u2019acte i benvinguda. 5 min<\/strong><\/p>\n<p>Representant de la Junta de Govern del COAC<\/p>\n<p><strong>Introducci\u00f3 de la sessi\u00f3. 5 min<\/strong><\/p>\n<p>Isidre Roca: Vocal de formaci\u00f3 de l\u2019ACPM<\/p>\n<p><strong>Les mesures de control. 20 min.<\/strong><\/p>\n<p>Josep Maria Forteza<\/p>\n<p>Arquitecte t\u00e8cnic. Director general de T\u00e8cnics G3 SLP i vicepresident segon del CAATEEB<\/p>\n<p><strong>La mesura de la sostenibilitat<\/strong><strong>. 20 min<\/strong><\/p>\n<p>Ponent a confirmar<\/p>\n<p><strong>La mesura de l\u2019\u00e8xit. 20 min<\/strong><\/p>\n<p>Toni Giron\u00e8s<\/p>\n<p>Arquitecte. Docent a diferents universitats i amb nombrosa obra premiada i publicada.<\/p>\n<p><strong>Debat. 15 min<\/strong><\/p>\n<p>Preguntes als ponents i clausura de l\u2019acte. Moderador: Jordi Segur\u00f3, President de l\u2019ACPM<\/p>\n<p>Finalitzat l\u2019acte, es disposar\u00e0 d\u2019uns minuts per a una copa de cava i temps de networking.<\/p>\n<p>Assist\u00e8ncia gratu\u00efta, amb inscripci\u00f3 pr\u00e8via aqu\u00ed: <a href=\"https:\/\/www.eventbrite.es\/e\/entradas-la-mesura-de-lexit-dels-projectes-80644105691\">https:\/\/www.eventbrite.es\/e\/entradas-la-mesura-de-lexit-dels-projectes-80644105691<\/a><\/p>\n<p>&nbsp;<\/p>\n<p>&nbsp;<\/p>\n","protected":false},"excerpt":{"rendered":"<p>El proper 4 de desembre a les 18.30 h tindr\u00e0 lloc a la Sala d&#8217;Actes del COAC una nova sessi\u00f3 debat organitzada per l\u2019Associaci\u00f3 Catalana de Project Management (ACPM), conjuntament amb el Grup de Treball de Project Management del COAC. Que els projectes semblen tenir&#8230;<\/p>\n","protected":false},"author":6,"featured_media":667,"comment_status":"open","ping_status":"closed","sticky":false,"template":"","format":"standard","meta":{"footnotes":""},"categories":[2],"tags":[],"class_list":["post-669","post","type-post","status-publish","format-standard","has-post-thumbnail","hentry","category-uncategorized-ca"],"_links":{"self":[{"href":"https:\/\/www.acpm.cat\/ca\/wp-json\/wp\/v2\/posts\/669","targetHints":{"allow":["GET"]}}],"collection":[{"href":"https:\/\/www.acpm.cat\/ca\/wp-json\/wp\/v2\/posts"}],"about":[{"href":"https:\/\/www.acpm.cat\/ca\/wp-json\/wp\/v2\/types\/post"}],"author":[{"embeddable":true,"href":"https:\/\/www.acpm.cat\/ca\/wp-json\/wp\/v2\/users\/6"}],"replies":[{"embeddable":true,"href":"https:\/\/www.acpm.cat\/ca\/wp-json\/wp\/v2\/comments?post=669"}],"version-history":[{"count":2,"href":"https:\/\/www.acpm.cat\/ca\/wp-json\/wp\/v2\/posts\/669\/revisions"}],"predecessor-version":[{"id":671,"href":"https:\/\/www.acpm.cat\/ca\/wp-json\/wp\/v2\/posts\/669\/revisions\/671"}],"wp:featuredmedia":[{"embeddable":true,"href":"https:\/\/www.acpm.cat\/ca\/wp-json\/wp\/v2\/media\/667"}],"wp:attachment":[{"href":"https:\/\/www.acpm.cat\/ca\/wp-json\/wp\/v2\/media?parent=669"}],"wp:term":[{"taxonomy":"category","embeddable":true,"href":"https:\/\/www.acpm.cat\/ca\/wp-json\/wp\/v2\/categories?post=669"},{"taxonomy":"post_tag","embeddable":true,"href":"https:\/\/www.acpm.cat\/ca\/wp-json\/wp\/v2\/tags?post=669"}],"curies":[{"name":"wp","href":"https:\/\/api.w.org\/{rel}","templated":true}]}}