{"id":887,"date":"2020-10-15T12:37:16","date_gmt":"2020-10-15T10:37:16","guid":{"rendered":"https:\/\/www.acpm.cat\/?p=887"},"modified":"2020-10-19T17:49:42","modified_gmt":"2020-10-19T15:49:42","slug":"els-reptes-dels-directors-de-projecte-en-situacions-demergencia","status":"publish","type":"post","link":"https:\/\/www.acpm.cat\/ca\/els-reptes-dels-directors-de-projecte-en-situacions-demergencia\/","title":{"rendered":"Els reptes dels Directors de Projecte en situacions d\u2019emerg\u00e8ncia"},"content":{"rendered":"<p>El proper dimecres\u00a0<strong>21 d&#8217;octubre a les 18.30 h<\/strong>, l&#8217;Associaci\u00f3 Catalana de Project Management (ACPM) organitza aquesta jornada per reflexionar sobre els reptes que afronten els directors de projecte en el desenvolupament de projectes en situacions d&#8217;emerg\u00e8ncia.<\/p>\n<p>Els projectes d&#8217;aquest tipus, tot i que es realitzin en un curt espai de temps, tenen darrere un equip o persona que ha coordinat el proc\u00e9s. I com a Project Managers, es vol donar visibilitat i posar en valor aquesta figura. Sense importar el t\u00edtol\/c\u00e0rrec\/professi\u00f3 que es desenvolupi, volem escoltar les seves experi\u00e8ncies dirigint o formant part d&#8217;aquests equips.<\/p>\n<p>Els ponents representen dues visions complement\u00e0ries, per tal que l&#8217;intercanvi d&#8217;experi\u00e8ncies enriqueixi el debat: la t\u00e8cnica, a c\u00e0rrec de\u00a0<strong>M\u00f2nica Moya<\/strong>\u00a0(arquitecta, Departament d\u2019Emerg\u00e8ncies de la Generalitat de Catalunya) i l&#8217;assistencial, a c\u00e0rrec d&#8217;<strong>Oriol Estrada<\/strong>\u00a0(metge, Director d\u2019Innovaci\u00f3 i processos transversals, Ger\u00e8ncia Territorial Metropolitana Nord de l\u2019ICS).<\/p>\n<p>La conferencia va dirigida a professionals Project Managers relacionats amb el m\u00f3n de l\u2019edificaci\u00f3, urbanisme, hospitals, etc. Arquitectes, aparelladors, enginyers, economistes, professionals de salut p\u00fablica \u2026tothom \u00e9s benvingut.<\/p>\n<p>L\u2019assist\u00e8ncia pot ser de forma presencial (places limitades, necessari confirmaci\u00f3 pr\u00e8via) o via online (Teams). L\u2019enlla\u00e7 per participar online s\u2019enviar\u00e0 a totes les persones inscrites un dia abans de l\u2019acte<\/p>\n<p><u>Imprescindible inscripci\u00f3 (gratu\u00efta):<\/u><\/p>\n<p><strong><a href=\"https:\/\/www.eventbrite.es\/e\/entradas-los-retos-de-los-directores-de-proyecto-en-situaciones-de-emergencia-125135484603\">https:\/\/www.eventbrite.es\/e\/entradas-los-retos-de-los-directores-de-proyecto-en-situaciones-de-emergencia-125135484603<\/a><\/strong><\/p>\n<p>&nbsp;<\/p>\n","protected":false},"excerpt":{"rendered":"<p>El proper dimecres\u00a021 d&#8217;octubre a les 18.30 h, l&#8217;Associaci\u00f3 Catalana de Project Management (ACPM) organitza aquesta jornada per reflexionar sobre els reptes que afronten els directors de projecte en el desenvolupament de projectes en situacions d&#8217;emerg\u00e8ncia. Els projectes d&#8217;aquest tipus, tot i que es realitzin&#8230;<\/p>\n","protected":false},"author":6,"featured_media":903,"comment_status":"open","ping_status":"closed","sticky":false,"template":"","format":"standard","meta":{"footnotes":""},"categories":[2],"tags":[],"class_list":["post-887","post","type-post","status-publish","format-standard","has-post-thumbnail","hentry","category-uncategorized-ca"],"_links":{"self":[{"href":"https:\/\/www.acpm.cat\/ca\/wp-json\/wp\/v2\/posts\/887","targetHints":{"allow":["GET"]}}],"collection":[{"href":"https:\/\/www.acpm.cat\/ca\/wp-json\/wp\/v2\/posts"}],"about":[{"href":"https:\/\/www.acpm.cat\/ca\/wp-json\/wp\/v2\/types\/post"}],"author":[{"embeddable":true,"href":"https:\/\/www.acpm.cat\/ca\/wp-json\/wp\/v2\/users\/6"}],"replies":[{"embeddable":true,"href":"https:\/\/www.acpm.cat\/ca\/wp-json\/wp\/v2\/comments?post=887"}],"version-history":[{"count":1,"href":"https:\/\/www.acpm.cat\/ca\/wp-json\/wp\/v2\/posts\/887\/revisions"}],"predecessor-version":[{"id":888,"href":"https:\/\/www.acpm.cat\/ca\/wp-json\/wp\/v2\/posts\/887\/revisions\/888"}],"wp:featuredmedia":[{"embeddable":true,"href":"https:\/\/www.acpm.cat\/ca\/wp-json\/wp\/v2\/media\/903"}],"wp:attachment":[{"href":"https:\/\/www.acpm.cat\/ca\/wp-json\/wp\/v2\/media?parent=887"}],"wp:term":[{"taxonomy":"category","embeddable":true,"href":"https:\/\/www.acpm.cat\/ca\/wp-json\/wp\/v2\/categories?post=887"},{"taxonomy":"post_tag","embeddable":true,"href":"https:\/\/www.acpm.cat\/ca\/wp-json\/wp\/v2\/tags?post=887"}],"curies":[{"name":"wp","href":"https:\/\/api.w.org\/{rel}","templated":true}]}}