{"id":929,"date":"2021-03-25T13:50:17","date_gmt":"2021-03-25T12:50:17","guid":{"rendered":"https:\/\/www.acpm.cat\/?p=929"},"modified":"2021-03-25T13:50:17","modified_gmt":"2021-03-25T12:50:17","slug":"podcast-en-clave-de-proyectos","status":"publish","type":"post","link":"https:\/\/www.acpm.cat\/ca\/podcast-en-clave-de-proyectos\/","title":{"rendered":"Podcast &#8220;En Clave de Proyectos&#8221;"},"content":{"rendered":"<p>Entrevista de <b>Jordi Teixid\u00f3, PMP<\/b>\u00a0a\u00a0<b>Isidre Roca<\/b>; arquitecte, urbanista, director de projectes, soci fundador i vocal de l\u2019\u00e0rea de Formaci\u00f3 de l&#8217;<b><a href=\"https:\/\/www.linkedin.com\/company\/acpm-project-management\/\" data-attribute-index=\"4\" data-entity-hovercard-id=\"urn:li:fs_miniCompany:12596267\" data-entity-type=\"MINI_COMPANY\">Associaci\u00f3 Catalana de Project Management<\/a><\/b>.<\/p>\n<p>Una xerrada distesa sobre oportunitats per als arquitectes, prioritats en inversi\u00f3 p\u00fablica i noves idees en temps de crisis.<\/p>\n<p>Enlla\u00e7 per accedir a l\u2019entrevista completa:<br \/>\nApple Podcasts<br \/>\n<b><a href=\"https:\/\/lnkd.in\/gq7KqAB\" data-attribute-index=\"8\">https:\/\/lnkd.in\/gq7KqAB<\/a><\/b><br \/>\nSpotify<br \/>\n<b><a href=\"https:\/\/lnkd.in\/gckChNz\" data-attribute-index=\"9\">https:\/\/lnkd.in\/gckChNz<\/a><\/b><br \/>\n<b><a href=\"https:\/\/www.linkedin.com\/feed\/hashtag\/?keywords=proyectos&amp;highlightedUpdateUrns=urn%3Ali%3Aactivity%3A6759804922176270336\" data-attribute-index=\"6\">#proyectos<\/a><\/b>\u00a0<b><a href=\"https:\/\/www.linkedin.com\/feed\/hashtag\/?keywords=management&amp;highlightedUpdateUrns=urn%3Ali%3Aactivity%3A6759804922176270336\" data-attribute-index=\"7\">#management<\/a><\/b><\/p>\n<p>&nbsp;<\/p>\n","protected":false},"excerpt":{"rendered":"<p>Entrevista de Jordi Teixid\u00f3, PMP\u00a0a\u00a0Isidre Roca; arquitecte, urbanista, director de projectes, soci fundador i vocal de l\u2019\u00e0rea de Formaci\u00f3 de l&#8217;Associaci\u00f3 Catalana de Project Management. Una xerrada distesa sobre oportunitats per als arquitectes, prioritats en inversi\u00f3 p\u00fablica i noves idees en temps de crisis. Enlla\u00e7&#8230;<\/p>\n","protected":false},"author":6,"featured_media":0,"comment_status":"open","ping_status":"closed","sticky":false,"template":"","format":"standard","meta":{"footnotes":""},"categories":[2],"tags":[],"class_list":["post-929","post","type-post","status-publish","format-standard","hentry","category-uncategorized-ca"],"_links":{"self":[{"href":"https:\/\/www.acpm.cat\/ca\/wp-json\/wp\/v2\/posts\/929","targetHints":{"allow":["GET"]}}],"collection":[{"href":"https:\/\/www.acpm.cat\/ca\/wp-json\/wp\/v2\/posts"}],"about":[{"href":"https:\/\/www.acpm.cat\/ca\/wp-json\/wp\/v2\/types\/post"}],"author":[{"embeddable":true,"href":"https:\/\/www.acpm.cat\/ca\/wp-json\/wp\/v2\/users\/6"}],"replies":[{"embeddable":true,"href":"https:\/\/www.acpm.cat\/ca\/wp-json\/wp\/v2\/comments?post=929"}],"version-history":[{"count":2,"href":"https:\/\/www.acpm.cat\/ca\/wp-json\/wp\/v2\/posts\/929\/revisions"}],"predecessor-version":[{"id":931,"href":"https:\/\/www.acpm.cat\/ca\/wp-json\/wp\/v2\/posts\/929\/revisions\/931"}],"wp:attachment":[{"href":"https:\/\/www.acpm.cat\/ca\/wp-json\/wp\/v2\/media?parent=929"}],"wp:term":[{"taxonomy":"category","embeddable":true,"href":"https:\/\/www.acpm.cat\/ca\/wp-json\/wp\/v2\/categories?post=929"},{"taxonomy":"post_tag","embeddable":true,"href":"https:\/\/www.acpm.cat\/ca\/wp-json\/wp\/v2\/tags?post=929"}],"curies":[{"name":"wp","href":"https:\/\/api.w.org\/{rel}","templated":true}]}}